{"id":19155,"date":"2022-10-13T16:19:19","date_gmt":"2022-10-13T14:19:19","guid":{"rendered":"https:\/\/www.bornin.brussels\/?p=19155"},"modified":"2025-07-24T16:20:33","modified_gmt":"2025-07-24T14:20:33","slug":"oktober-2022-born-in-brussel-in-de-media","status":"publish","type":"post","link":"https:\/\/www.bornin.brussels\/nl\/wat-is-nieuw-op-de-site\/oktober-2022-born-in-brussel-in-de-media\/","title":{"rendered":"Oktober 2022 &#8211; Born in Brussel in de media"},"content":{"rendered":"<p><strong>Na de openingspersconferentie op 16 september en dankzij de communicatiecampagne is Born in Brussels veelvuldig genoemd in de pers en op de radio. Dank aan deze media om ons project wat meer zichtbaarheid te geven!<\/strong><\/p>\n<h3><strong>Op het web &#8211; Mainstream media<\/strong><\/h3>\n<ul>\n<li><a href=\"https:\/\/issuu.com\/bruzz.be\/docs\/bruzz_1814\" target=\"_blank\" rel=\"noopener\">Ben je een aanstaande of kersverse ouder? De Website met antwoorden op jouw vragen<\/a> (Bruzz)<\/li>\n<li><a href=\"https:\/\/www.lesoir.be\/467113\/article\/2022-09-22\/premiers-pas-pour-le-site-born-brussels?referer=%2Farchives%2Frecherche%3Fdatefilter%3Dlastyear%26sort%3Ddate%2Bdesc%26word%3DBorn%2Bin%2Bbrussels\" target=\"_blank\" rel=\"noopener\">Premiers pas pour le site \u00abBorn in Brussels\u00bb<\/a> (Le Soir)<\/li>\n<li><a href=\"https:\/\/www.rtbf.be\/article\/enfin-un-site-qui-regroupe-toutes-les-informations-autour-de-la-naissance-a-bruxelles-11069633\" target=\"_blank\" rel=\"noopener\">Bruxelles : toute l&#8217;info autour de la naissance de votre b\u00e9b\u00e9 en un clic !<\/a> (RTBF)<\/li>\n<li><a href=\"https:\/\/www.rtl.be\/info\/regions\/bruxelles\/naissance-du-site-internet-born-in-brussels-a-destination-des-parents-et-futurs-parents-1402886.aspx\" target=\"_blank\" rel=\"noopener\">Naissance du site internet &#8220;Born in Brussels&#8221;, \u00e0 destination des parents et futurs parents<\/a> (RTL Info)<\/li>\n<li>Naissance du site internet &#8220;Born in Brussels&#8221;, \u00e0 destination des parents et futurs parents (DH Les Sports)<\/li>\n<\/ul>\n<h3><strong>Op het web &#8211; Gespecialiseerde media<\/strong><\/h3>\n<ul>\n<li><a href=\"https:\/\/educationsante.be\/le-site-web-born-in-brussels-est-ne\/\" target=\"_blank\" rel=\"noopener\">Le site web Born in Brussels est n\u00e9\u00a0!<\/a> (\u00c9ducation Sant\u00e9 \u2013 MC)<\/li>\n<li><a href=\"https:\/\/medi-sphere.be\/fr\/actualites\/naissance-du-site-internet-born-in-brussels-a-destination-des-parents-et-futurs-parents.html\" target=\"_blank\" rel=\"noopener\">Naissance du site internet &#8220;Born in Brussels&#8221;, pour tout parent ou professionnel du secteur<\/a> (Medi-Sphere)<\/li>\n<li><a href=\"https:\/\/www.gunaikeia.be\/fr\/actualites\/naissance-du-site-internet-born-in-brussels-a-destination-des-parents-et-futurs-parents.html\" target=\"_blank\" rel=\"noopener\">Naissance du site internet &#8220;Born in Brussels&#8221;, pour tout parent ou professionnel du secteur<\/a> (Guna\u00efkeia)<\/li>\n<li><a href=\"https:\/\/www.lespecialiste.be\/fr\/actualites\/naissance-du-site-internet-born-in-brussels-a-destination-des-parents-et-futurs-parents.html\" target=\"_blank\" rel=\"noopener\">Naissance du site internet &#8220;Born in Brussels&#8221;, pour tout parent ou professionnel du secteur<\/a> (Le Sp\u00e9cialiste \u2013 L\u2019actualit\u00e9 des m\u00e9decins sp\u00e9cialistes)<\/li>\n<\/ul>\n<h3>Op het web &#8211; Partnermedia<\/h3>\n<ul>\n<li><a href=\"https:\/\/www.helderrecht.be\/nl\/nieuws\/born-brussels-geboren\" target=\"_blank\" rel=\"noopener\">Born in Brussels is geboren! (Helder Recht)<\/a><\/li>\n<li><a href=\"https:\/\/www.hospichild.be\/nl\/kinderdagverblijf-de-website-born-in-brussels-is-geboren\/\"><span class=\"breadcrumb_last\" aria-current=\"page\">Kinderdagverblijf : de website Born in Brussels is geboren!<\/span><\/a> (Hospichild)<\/li>\n<li><a href=\"https:\/\/www.hospichild.be\/petite-enfance-le-site-web-born-in-brussels-est-ne\/\" target=\"_blank\" rel=\"noopener\">Petite enfance : le site web Born in Brussels est n\u00e9 !<\/a> (Hospichild)<\/li>\n<li><a href=\"https:\/\/www.droitsquotidiens.be\/fr\/actualites\/le-site-born-brussels-est-ne\" target=\"_blank\" rel=\"noopener\">Le site &#8220;Born in brussels&#8221; est n\u00e9 !<\/a> (Droits Quotidiens)<\/li>\n<\/ul>\n<h3>Op de radio<\/h3>\n<ul>\n<li><a href=\"\/\/bx1.be\/categories\/news\/un-site-internet-est-ne-pour-aider-les-jeunes-parents-bruxellois\/\" target=\"_blank\" rel=\"noopener\">Un site internet est n\u00e9 pour aider les jeunes parents bruxellois<\/a> (BX1 radio)<\/li>\n<\/ul>\n<h3>Op sociale netwerken<\/h3>\n<ul>\n<li>La Ville de Bruxelles :<\/li>\n<\/ul>\n<p><iframe loading=\"lazy\" style=\"border: none; overflow: hidden;\" src=\"https:\/\/www.facebook.com\/plugins\/post.php?href=https%3A%2F%2Fwww.facebook.com%2FBXLvilledebruxelles%2Fposts%2Fpfbid02PTgrdrNNwVKfBrTQ7psxVDjenbbVvj7QMQ89SUBaud5Wi3rn5DDQauDdNCWUzgMNl&amp;show_text=true&amp;width=500\" width=\"500\" height=\"429\" frameborder=\"0\" scrolling=\"no\" allowfullscreen=\"allowfullscreen\" data-mce-fragment=\"1\"><\/iframe><\/p>\n<ul>\n<li>BX1<\/li>\n<\/ul>\n<p><iframe loading=\"lazy\" style=\"border: none; overflow: hidden;\" src=\"https:\/\/www.facebook.com\/plugins\/post.php?href=https%3A%2F%2Fwww.facebook.com%2FBX1officiel%2Fposts%2Fpfbid02gNBBTQNyqhqLWhWuSBXg1RTPMQfF9jw1i9oJTWizLhQJgxB3DGKqjKgcRvcRL7cnl&amp;show_text=true&amp;width=500\" width=\"500\" height=\"481\" frameborder=\"0\" scrolling=\"no\" allowfullscreen=\"allowfullscreen\" data-mce-fragment=\"1\"><\/iframe><\/p>\n<ul>\n<li>Le Petit V\u00e9lo jaune :<\/li>\n<\/ul>\n<p><iframe loading=\"lazy\" style=\"border: none; overflow: hidden;\" src=\"https:\/\/www.facebook.com\/plugins\/post.php?href=https%3A%2F%2Fwww.facebook.com%2Flepetitvelojaune.be%2Fposts%2Fpfbid02TLzHMxPSAWYbAd7LL7fV31v2Uaec7VRQMroZJ8YhXc5kk5R5QkyBKixA6vU3W8nPl&amp;show_text=true&amp;width=500\" width=\"500\" height=\"850\" frameborder=\"0\" scrolling=\"no\" allowfullscreen=\"allowfullscreen\" data-mce-fragment=\"1\"><\/iframe><\/p>\n","protected":false},"excerpt":{"rendered":"<p>Na de openingspersconferentie op 16 september en dankzij de communicatiecampagne is Born in Brussels veelvuldig genoemd in de pers en op de radio. Dank aan deze media om ons project [&hellip;]<\/p>\n","protected":false},"author":3,"featured_media":0,"comment_status":"closed","ping_status":"closed","sticky":false,"template":"","format":"standard","meta":{"_acf_changed":false,"_price":"","_stock":"","_tribe_ticket_header":"","_tribe_default_ticket_provider":"","_tribe_ticket_capacity":"0","_ticket_start_date":"","_ticket_end_date":"","_tribe_ticket_show_description":"","_tribe_ticket_show_not_going":false,"_tribe_ticket_use_global_stock":"","_tribe_ticket_global_stock_level":"","_global_stock_mode":"","_global_stock_cap":"","_tribe_rsvp_for_event":"","_tribe_ticket_going_count":"","_tribe_ticket_not_going_count":"","_tribe_tickets_list":"[]","_tribe_ticket_has_attendee_info_fields":false,"footnotes":""},"categories":[279],"tags":[],"class_list":["post-19155","post","type-post","status-publish","format-standard","hentry","category-wat-is-nieuw-op-de-site"],"acf":[],"yoast_head":"<!-- This site is optimized with the Yoast SEO plugin v27.3 - https:\/\/yoast.com\/product\/yoast-seo-wordpress\/ -->\n<title>Oktober 2022 - Born in Brussel in de media<\/title>\n<meta name=\"description\" content=\"Na de openingspersconferentie op 16 september en dankzij de communicatiecampagne is Born in Brussels veelvuldig genoemd in de pers en op de radio.\" \/>\n<meta name=\"robots\" content=\"index, follow, max-snippet:-1, max-image-preview:large, max-video-preview:-1\" \/>\n<link rel=\"canonical\" href=\"https:\/\/www.bornin.brussels\/quoi-de-neuf-sur-le-site\/20-septembre-2022-les-medias-parlent-de-born-in-brussels\/\" \/>\n<meta property=\"og:locale\" content=\"nl_NL\" \/>\n<meta property=\"og:type\" content=\"article\" \/>\n<meta property=\"og:title\" content=\"Oktober 2022 - Born in Brussel in de media\" \/>\n<meta property=\"og:description\" content=\"Na de openingspersconferentie op 16 september en dankzij de communicatiecampagne is Born in Brussels veelvuldig genoemd in de pers en op de radio.\" \/>\n<meta property=\"og:url\" content=\"https:\/\/www.bornin.brussels\/quoi-de-neuf-sur-le-site\/20-septembre-2022-les-medias-parlent-de-born-in-brussels\/\" \/>\n<meta property=\"og:site_name\" content=\"Born in Brussels\" \/>\n<meta property=\"article:publisher\" content=\"https:\/\/www.facebook.com\/bornin.brussels\" \/>\n<meta property=\"article:published_time\" content=\"2022-10-13T14:19:19+00:00\" \/>\n<meta property=\"article:modified_time\" content=\"2025-07-24T14:20:33+00:00\" \/>\n<meta property=\"og:image\" content=\"https:\/\/www.bornin.brussels\/wp-content\/uploads\/2022\/06\/logo_social.png\" \/>\n\t<meta property=\"og:image:width\" content=\"200\" \/>\n\t<meta property=\"og:image:height\" content=\"200\" \/>\n\t<meta property=\"og:image:type\" content=\"image\/png\" \/>\n<meta name=\"author\" content=\"Sofia\" \/>\n<meta name=\"twitter:card\" content=\"summary_large_image\" \/>\n<meta name=\"twitter:creator\" content=\"@BorninBrussels\" \/>\n<meta name=\"twitter:site\" content=\"@BorninBrussels\" \/>\n<meta name=\"twitter:label1\" content=\"Geschreven door\" \/>\n\t<meta name=\"twitter:data1\" content=\"Sofia\" \/>\n\t<meta name=\"twitter:label2\" content=\"Geschatte leestijd\" \/>\n\t<meta name=\"twitter:data2\" content=\"1 minuut\" \/>\n<script type=\"application\/ld+json\" class=\"yoast-schema-graph\">{\"@context\":\"https:\\\/\\\/schema.org\",\"@graph\":[{\"@type\":\"Article\",\"@id\":\"https:\\\/\\\/www.bornin.brussels\\\/quoi-de-neuf-sur-le-site\\\/20-septembre-2022-les-medias-parlent-de-born-in-brussels\\\/#article\",\"isPartOf\":{\"@id\":\"https:\\\/\\\/www.bornin.brussels\\\/quoi-de-neuf-sur-le-site\\\/20-septembre-2022-les-medias-parlent-de-born-in-brussels\\\/\"},\"author\":{\"name\":\"Sofia\",\"@id\":\"https:\\\/\\\/www.bornin.brussels\\\/#\\\/schema\\\/person\\\/5a2ebf704000e19ff94955a49b0dcebb\"},\"headline\":\"Oktober 2022 &#8211; Born in Brussel in de media\",\"datePublished\":\"2022-10-13T14:19:19+00:00\",\"dateModified\":\"2025-07-24T14:20:33+00:00\",\"mainEntityOfPage\":{\"@id\":\"https:\\\/\\\/www.bornin.brussels\\\/quoi-de-neuf-sur-le-site\\\/20-septembre-2022-les-medias-parlent-de-born-in-brussels\\\/\"},\"wordCount\":262,\"articleSection\":[\"Wat is nieuw op de site?\"],\"inLanguage\":\"nl-NL\"},{\"@type\":\"WebPage\",\"@id\":\"https:\\\/\\\/www.bornin.brussels\\\/quoi-de-neuf-sur-le-site\\\/20-septembre-2022-les-medias-parlent-de-born-in-brussels\\\/\",\"url\":\"https:\\\/\\\/www.bornin.brussels\\\/quoi-de-neuf-sur-le-site\\\/20-septembre-2022-les-medias-parlent-de-born-in-brussels\\\/\",\"name\":\"Oktober 2022 - Born in Brussel in de media\",\"isPartOf\":{\"@id\":\"https:\\\/\\\/www.bornin.brussels\\\/#website\"},\"datePublished\":\"2022-10-13T14:19:19+00:00\",\"dateModified\":\"2025-07-24T14:20:33+00:00\",\"author\":{\"@id\":\"https:\\\/\\\/www.bornin.brussels\\\/#\\\/schema\\\/person\\\/5a2ebf704000e19ff94955a49b0dcebb\"},\"description\":\"Na de openingspersconferentie op 16 september en dankzij de communicatiecampagne is Born in Brussels veelvuldig genoemd in de pers en op de radio.\",\"breadcrumb\":{\"@id\":\"https:\\\/\\\/www.bornin.brussels\\\/quoi-de-neuf-sur-le-site\\\/20-septembre-2022-les-medias-parlent-de-born-in-brussels\\\/#breadcrumb\"},\"inLanguage\":\"nl-NL\",\"potentialAction\":[{\"@type\":\"ReadAction\",\"target\":[\"https:\\\/\\\/www.bornin.brussels\\\/quoi-de-neuf-sur-le-site\\\/20-septembre-2022-les-medias-parlent-de-born-in-brussels\\\/\"]}]},{\"@type\":\"BreadcrumbList\",\"@id\":\"https:\\\/\\\/www.bornin.brussels\\\/quoi-de-neuf-sur-le-site\\\/20-septembre-2022-les-medias-parlent-de-born-in-brussels\\\/#breadcrumb\",\"itemListElement\":[{\"@type\":\"ListItem\",\"position\":1,\"name\":\"Accueil\",\"item\":\"https:\\\/\\\/www.bornin.brussels\\\/nl\\\/\"},{\"@type\":\"ListItem\",\"position\":2,\"name\":\"Oktober 2022 &#8211; Born in Brussel in de media\"}]},{\"@type\":\"WebSite\",\"@id\":\"https:\\\/\\\/www.bornin.brussels\\\/#website\",\"url\":\"https:\\\/\\\/www.bornin.brussels\\\/\",\"name\":\"Born in Brussels\",\"description\":\"Info en hulpbronnen rond de geboorte en de vroege kinderjaren\",\"potentialAction\":[{\"@type\":\"SearchAction\",\"target\":{\"@type\":\"EntryPoint\",\"urlTemplate\":\"https:\\\/\\\/www.bornin.brussels\\\/?s={search_term_string}\"},\"query-input\":{\"@type\":\"PropertyValueSpecification\",\"valueRequired\":true,\"valueName\":\"search_term_string\"}}],\"inLanguage\":\"nl-NL\"},{\"@type\":\"Person\",\"@id\":\"https:\\\/\\\/www.bornin.brussels\\\/#\\\/schema\\\/person\\\/5a2ebf704000e19ff94955a49b0dcebb\",\"name\":\"Sofia\",\"image\":{\"@type\":\"ImageObject\",\"inLanguage\":\"nl-NL\",\"@id\":\"https:\\\/\\\/secure.gravatar.com\\\/avatar\\\/cdb8495678698d3b0253ed12a68d806cbe6796188b6b6cda538c9e7c44fa9b36?s=96&d=mm&r=g\",\"url\":\"https:\\\/\\\/secure.gravatar.com\\\/avatar\\\/cdb8495678698d3b0253ed12a68d806cbe6796188b6b6cda538c9e7c44fa9b36?s=96&d=mm&r=g\",\"contentUrl\":\"https:\\\/\\\/secure.gravatar.com\\\/avatar\\\/cdb8495678698d3b0253ed12a68d806cbe6796188b6b6cda538c9e7c44fa9b36?s=96&d=mm&r=g\",\"caption\":\"Sofia\"},\"url\":\"https:\\\/\\\/www.bornin.brussels\\\/nl\\\/author\\\/sofia\\\/\"}]}<\/script>\n<!-- \/ Yoast SEO plugin. -->","yoast_head_json":{"title":"Oktober 2022 - Born in Brussel in de media","description":"Na de openingspersconferentie op 16 september en dankzij de communicatiecampagne is Born in Brussels veelvuldig genoemd in de pers en op de radio.","robots":{"index":"index","follow":"follow","max-snippet":"max-snippet:-1","max-image-preview":"max-image-preview:large","max-video-preview":"max-video-preview:-1"},"canonical":"https:\/\/www.bornin.brussels\/quoi-de-neuf-sur-le-site\/20-septembre-2022-les-medias-parlent-de-born-in-brussels\/","og_locale":"nl_NL","og_type":"article","og_title":"Oktober 2022 - Born in Brussel in de media","og_description":"Na de openingspersconferentie op 16 september en dankzij de communicatiecampagne is Born in Brussels veelvuldig genoemd in de pers en op de radio.","og_url":"https:\/\/www.bornin.brussels\/quoi-de-neuf-sur-le-site\/20-septembre-2022-les-medias-parlent-de-born-in-brussels\/","og_site_name":"Born in Brussels","article_publisher":"https:\/\/www.facebook.com\/bornin.brussels","article_published_time":"2022-10-13T14:19:19+00:00","article_modified_time":"2025-07-24T14:20:33+00:00","og_image":[{"width":200,"height":200,"url":"https:\/\/www.bornin.brussels\/wp-content\/uploads\/2022\/06\/logo_social.png","type":"image\/png"}],"author":"Sofia","twitter_card":"summary_large_image","twitter_creator":"@BorninBrussels","twitter_site":"@BorninBrussels","twitter_misc":{"Geschreven door":"Sofia","Geschatte leestijd":"1 minuut"},"schema":{"@context":"https:\/\/schema.org","@graph":[{"@type":"Article","@id":"https:\/\/www.bornin.brussels\/quoi-de-neuf-sur-le-site\/20-septembre-2022-les-medias-parlent-de-born-in-brussels\/#article","isPartOf":{"@id":"https:\/\/www.bornin.brussels\/quoi-de-neuf-sur-le-site\/20-septembre-2022-les-medias-parlent-de-born-in-brussels\/"},"author":{"name":"Sofia","@id":"https:\/\/www.bornin.brussels\/#\/schema\/person\/5a2ebf704000e19ff94955a49b0dcebb"},"headline":"Oktober 2022 &#8211; Born in Brussel in de media","datePublished":"2022-10-13T14:19:19+00:00","dateModified":"2025-07-24T14:20:33+00:00","mainEntityOfPage":{"@id":"https:\/\/www.bornin.brussels\/quoi-de-neuf-sur-le-site\/20-septembre-2022-les-medias-parlent-de-born-in-brussels\/"},"wordCount":262,"articleSection":["Wat is nieuw op de site?"],"inLanguage":"nl-NL"},{"@type":"WebPage","@id":"https:\/\/www.bornin.brussels\/quoi-de-neuf-sur-le-site\/20-septembre-2022-les-medias-parlent-de-born-in-brussels\/","url":"https:\/\/www.bornin.brussels\/quoi-de-neuf-sur-le-site\/20-septembre-2022-les-medias-parlent-de-born-in-brussels\/","name":"Oktober 2022 - Born in Brussel in de media","isPartOf":{"@id":"https:\/\/www.bornin.brussels\/#website"},"datePublished":"2022-10-13T14:19:19+00:00","dateModified":"2025-07-24T14:20:33+00:00","author":{"@id":"https:\/\/www.bornin.brussels\/#\/schema\/person\/5a2ebf704000e19ff94955a49b0dcebb"},"description":"Na de openingspersconferentie op 16 september en dankzij de communicatiecampagne is Born in Brussels veelvuldig genoemd in de pers en op de radio.","breadcrumb":{"@id":"https:\/\/www.bornin.brussels\/quoi-de-neuf-sur-le-site\/20-septembre-2022-les-medias-parlent-de-born-in-brussels\/#breadcrumb"},"inLanguage":"nl-NL","potentialAction":[{"@type":"ReadAction","target":["https:\/\/www.bornin.brussels\/quoi-de-neuf-sur-le-site\/20-septembre-2022-les-medias-parlent-de-born-in-brussels\/"]}]},{"@type":"BreadcrumbList","@id":"https:\/\/www.bornin.brussels\/quoi-de-neuf-sur-le-site\/20-septembre-2022-les-medias-parlent-de-born-in-brussels\/#breadcrumb","itemListElement":[{"@type":"ListItem","position":1,"name":"Accueil","item":"https:\/\/www.bornin.brussels\/nl\/"},{"@type":"ListItem","position":2,"name":"Oktober 2022 &#8211; Born in Brussel in de media"}]},{"@type":"WebSite","@id":"https:\/\/www.bornin.brussels\/#website","url":"https:\/\/www.bornin.brussels\/","name":"Born in Brussels","description":"Info en hulpbronnen rond de geboorte en de vroege kinderjaren","potentialAction":[{"@type":"SearchAction","target":{"@type":"EntryPoint","urlTemplate":"https:\/\/www.bornin.brussels\/?s={search_term_string}"},"query-input":{"@type":"PropertyValueSpecification","valueRequired":true,"valueName":"search_term_string"}}],"inLanguage":"nl-NL"},{"@type":"Person","@id":"https:\/\/www.bornin.brussels\/#\/schema\/person\/5a2ebf704000e19ff94955a49b0dcebb","name":"Sofia","image":{"@type":"ImageObject","inLanguage":"nl-NL","@id":"https:\/\/secure.gravatar.com\/avatar\/cdb8495678698d3b0253ed12a68d806cbe6796188b6b6cda538c9e7c44fa9b36?s=96&d=mm&r=g","url":"https:\/\/secure.gravatar.com\/avatar\/cdb8495678698d3b0253ed12a68d806cbe6796188b6b6cda538c9e7c44fa9b36?s=96&d=mm&r=g","contentUrl":"https:\/\/secure.gravatar.com\/avatar\/cdb8495678698d3b0253ed12a68d806cbe6796188b6b6cda538c9e7c44fa9b36?s=96&d=mm&r=g","caption":"Sofia"},"url":"https:\/\/www.bornin.brussels\/nl\/author\/sofia\/"}]}},"views":55,"_links":{"self":[{"href":"https:\/\/www.bornin.brussels\/nl\/wp-json\/wp\/v2\/posts\/19155","targetHints":{"allow":["GET"]}}],"collection":[{"href":"https:\/\/www.bornin.brussels\/nl\/wp-json\/wp\/v2\/posts"}],"about":[{"href":"https:\/\/www.bornin.brussels\/nl\/wp-json\/wp\/v2\/types\/post"}],"author":[{"embeddable":true,"href":"https:\/\/www.bornin.brussels\/nl\/wp-json\/wp\/v2\/users\/3"}],"replies":[{"embeddable":true,"href":"https:\/\/www.bornin.brussels\/nl\/wp-json\/wp\/v2\/comments?post=19155"}],"version-history":[{"count":3,"href":"https:\/\/www.bornin.brussels\/nl\/wp-json\/wp\/v2\/posts\/19155\/revisions"}],"predecessor-version":[{"id":38466,"href":"https:\/\/www.bornin.brussels\/nl\/wp-json\/wp\/v2\/posts\/19155\/revisions\/38466"}],"wp:attachment":[{"href":"https:\/\/www.bornin.brussels\/nl\/wp-json\/wp\/v2\/media?parent=19155"}],"wp:term":[{"taxonomy":"category","embeddable":true,"href":"https:\/\/www.bornin.brussels\/nl\/wp-json\/wp\/v2\/categories?post=19155"},{"taxonomy":"post_tag","embeddable":true,"href":"https:\/\/www.bornin.brussels\/nl\/wp-json\/wp\/v2\/tags?post=19155"}],"curies":[{"name":"wp","href":"https:\/\/api.w.org\/{rel}","templated":true}]}}