{"id":26274,"date":"2023-12-18T09:59:46","date_gmt":"2023-12-18T08:59:46","guid":{"rendered":"https:\/\/www.bornin.brussels\/?p=26274"},"modified":"2023-12-18T10:25:01","modified_gmt":"2023-12-18T09:25:01","slug":"een-terugblik-op-de-belangrijkste-perinatale-gebeurtenissen-van-2023","status":"publish","type":"post","link":"https:\/\/www.bornin.brussels\/nl\/nieuws\/een-terugblik-op-de-belangrijkste-perinatale-gebeurtenissen-van-2023\/","title":{"rendered":"Een terugblik op de belangrijkste perinatale gebeurtenissen van 2023"},"content":{"rendered":"<p><strong>Het Born in Brussels team wenst u het allerbeste voor de feestdagen! En nu het jaar ten einde loopt, waarom het niet in stijl afsluiten? Het leek ons een goed idee om de balans op te maken en de belangrijkste thema&#8217;s voor 2023 te belichten. Zwangerschap, geboorte en vroege kinderjaren zijn onze favoriete onderwerpen, dus in dit laatste artikel van het jaar wilden we nog een laatste keer terugkijken voordat we verder gaan naar 2024.<\/strong><\/p>\n<p><img loading=\"lazy\" decoding=\"async\" class=\"alignnone wp-image-26242\" src=\"https:\/\/www.bornin.brussels\/wp-content\/uploads\/2023\/12\/unsplash-scaled.jpg\" alt=\"\" width=\"702\" height=\"468\" srcset=\"https:\/\/www.bornin.brussels\/wp-content\/uploads\/2023\/12\/unsplash-scaled.jpg 2560w, https:\/\/www.bornin.brussels\/wp-content\/uploads\/2023\/12\/unsplash-300x200.jpg 300w, https:\/\/www.bornin.brussels\/wp-content\/uploads\/2023\/12\/unsplash-1024x683.jpg 1024w, https:\/\/www.bornin.brussels\/wp-content\/uploads\/2023\/12\/unsplash-768x512.jpg 768w, https:\/\/www.bornin.brussels\/wp-content\/uploads\/2023\/12\/unsplash-1536x1024.jpg 1536w, https:\/\/www.bornin.brussels\/wp-content\/uploads\/2023\/12\/unsplash-2048x1365.jpg 2048w\" sizes=\"auto, (max-width: 702px) 100vw, 702px\" \/><\/p>\n<p>Ter herinnering: Born in Brussels behandelt actuele perinatale kwesties in verschillende domeinen, waaronder medische, psychologische, praktische, administratieve en juridische aspecten. Afhankelijk van de behandelde thema&#8217;s wordt steeds verwezen naar organisaties of actoren om multidisciplinaire informatie te verstrekken. Als site gericht op (toekomstige) ouders publiceert Born in Brussels bovendien een maandelijkse nieuwsbrief onder de naam Bib News. Nu het jaar ten einde loopt, heeft ons team besloten om 12 artikelen opnieuw te publiceren, \u00e9\u00e9n voor elke maand van het jaar, die in 2023 het nieuws haalden.<\/p>\n<h3>Januari 2023 : Wat is er nieuw in 2023 voor gezinnen met jonge kinderen?<\/h3>\n<p>2023 is al een tiental dagen onderweg. Tijd om te kijken wat er dit jaar verandert voor gezinnen met jonge kinderen. Twee grote blikvangers: de verlenging van het vaderschaps- en co-ouderschapsverlof en in sommige gevallen de lagere tarieven van kinderopvangplaatsen in Brussel en Walloni\u00eb.<\/p>\n<p style=\"padding-left: 40px;\"><span style=\"color: #339966;\"><a style=\"color: #339966;\" href=\"https:\/\/www.bornin.brussels\/nl\/nieuws\/wat-is-er-nieuw-in-2023-voor-gezinnen-met-jonge-kinderen\/\">\u2192 Wat is er nieuw in 2023 voor gezinnen met jonge kinderen?<\/a><\/span><\/p>\n<h3>Februari 2023 : Born in Brussels maakt voortaan deel uit van het Observatorium voor Gezondheid en Welzijn van Brussel<\/h3>\n<p>Misschien wist je het niet, maar Born in Brussels, een voorziening die in maart 2007 werd gelanceerd en informatie verschafte over ziekenhuisopname van kinderen, maakte deel uit van de vzw Centrum voor Maatschappelijke Documentatie en Co\u00f6rdinatie (CDCS-CMDC). Na een proces van twee jaar maakt Born in Brussels sinds 1 februari 2023 deel uit van het Observatorium voor Gezondheid en Welzijn van Brussel-Hoofdstad.<\/p>\n<p style=\"padding-left: 40px;\"><span style=\"color: #00ccff;\"><a style=\"color: #00ccff;\" href=\"https:\/\/www.bornin.brussels\/nl\/nieuws\/born-in-brussels-maakt-voortaan-deel-uit-van-het-observatorium-voor-gezondheid-en-welzijn-van-brussel\/\">\u2192 Born in Brussels maakt voortaan deel uit van het Observatorium voor Gezondheid en Welzijn van Brussel<\/a><\/span><\/p>\n<h3>Maart 2023 : Koppels met een kind(erwens): advies van een huwelijkadviseur<\/h3>\n<p>Een beroep doen op een huwelijksadviseur is een gezond en positief initiatief, zelfs als alles goed lijkt te gaan binnen een koppel. Dat is al zeker het geval als partners van plan zijn om samen een gezin te stichten of als ze net een baby hebben gekregen. Het team van Born in Brussels sprak hierover met V\u00e9ronique Sorgeloos, een opgewekte en vreugdevolle huwelijksadviseur. Ze was bereid haar ervaring en praktisch advies te delen.<\/p>\n<p style=\"padding-left: 40px;\"><span style=\"color: #339966;\"><a style=\"color: #339966;\" href=\"https:\/\/www.bornin.brussels\/actualites\/coup-doeil-sur-la-mini-serie-documentaire-post-partum\/\">\u2192 <\/a><a href=\"https:\/\/www.bornin.brussels\/nl\/nieuws\/koppels-met-een-kinderwens-advies-van-een-huwelijkadviseur\/\">Koppels met een kind(erwens): advies van een huwelijkadviseur (bornin.brussels)<\/a><\/span><\/p>\n<h3>April 2023 : Voeg uw evenementen toe aan de nieuwe agenda van Born in Brussels<\/h3>\n<p>De rubriek Agenda op de website van Born in Brussels, naast de schuifbalk, bevat voortaan een maandelijkse kalender waarop niet alleen de geplande evenementen per maand staan. U kunt u er ook uw eigen evenementen aan toevoegen.<\/p>\n<p style=\"padding-left: 40px;\"><span style=\"color: #00ccff;\"><a style=\"color: #00ccff;\" href=\"https:\/\/www.bornin.brussels\/nl\/nieuws\/voeg-uw-evenementen-toe-aan-de-nieuwe-agenda-van-born-in-brussels\/\">\u2192 Voeg uw evenementen toe aan de nieuwe agenda van Born in Brussels<\/a><\/span><\/p>\n<h3>Mei 2023 : Kraamafdeling van het UMC Sint-Pieter: technische eenheid nu toegankelijk voor externe professionals<\/h3>\n<p>Op de afdeling moeder en kind van het UMC Sint-Pieter hebben externe professionals (verloskundigen en anderen) nu vrij toegang tot een technische eenheid die is uitgerust met de modernste technologie. Die gloednieuwe ruimte werd ingehuldigd op 5 mei, de Dag van de Verloskundige.<\/p>\n<p style=\"padding-left: 40px;\"><span style=\"color: #339966;\"><a style=\"color: #339966;\" href=\"https:\/\/www.bornin.brussels\/nl\/nieuws\/kraamafdeling-van-het-umc-sint-pieter-technische-eenheid-nu-toegankelijk-voor-externe-professionals\/\">\u2192 Kraamafdeling van het UMC Sint-Pieter: technische eenheid nu toegankelijk voor externe professionals<\/a><\/span><\/p>\n<h3>Juni 2023 : Hulp voor jonge ouders in moeilijkheden: Le Petit V\u00e9lo Jaune valt in de prijzen!<\/h3>\n<p>Le Petit V\u00e9lo Jaune is net uitgeroepen tot Coup de C\u0153ur 2023 door het Impact Together-fonds van BNP Paribas Fortis, dat beheerd wordt door de Koning Boudewijnstichting. De vereniging, die gezinnen en alleenstaande ouders in moeilijkheden helpt, heeft in het verleden ook al twee keer de Federale Prijs Armoedebestrijding voor Brussel gewonnen.<\/p>\n<p style=\"padding-left: 40px;\"><span style=\"color: #00ccff;\"><a style=\"color: #00ccff;\" href=\"https:\/\/www.bornin.brussels\/nl\/nieuws\/aide-aux-jeunes-parents-en-difficulte-le-petit-velo-jaune-recompense\/\">\u2192 Hulp voor jonge ouders in moeilijkheden: Le Petit V\u00e9lo Jaune valt in de prijzen!<\/a><\/span><\/p>\n<h3>July 2023 : Plan Cigogne: 22 projecten ondersteund om nog meer kinderopvangplaatsen te cre\u00ebren<\/h3>\n<p>Er komen 575 nieuwe kinderopvangplaatsen bij in het Brussels Gewest! Deze komen bovenop de 773 plaatsen die al ter beschikking werden gesteld in het kader van het Plan Cigogne dat in 2022 werd gelanceerd door B\u00e9n\u00e9dicte Linard, Minister van Kinderen in de Federatie Walloni\u00eb-Brussel. In heel Brussel zullen er na afloop van dit Plan, waarvan het Brusselse luik wordt beheerd door Rudi Vervoort, Brussels minister-president en bevoegd voor jonge kinderen bij de COCOF, niet minder dan 2.100 bijkomende plaatsen ter beschikking worden gesteld van nieuwe ouders.<\/p>\n<p style=\"padding-left: 40px;\"><span style=\"color: #339966;\"><a style=\"color: #339966;\" href=\"https:\/\/www.bornin.brussels\/nl\/nieuws\/plan-cigogne-22-projecten-ondersteund-om-nog-meer-kinderopvangplaatsen-te-creeren\/\">\u2192 Plan Cigogne: 22 projecten ondersteund om nog meer kinderopvangplaatsen te cre\u00ebren<\/a><\/span><\/p>\n<h3>Augustus 2023 : Eenoudergezinnen: Maison des Parents Solos \u2013 Eenoudergezinnen\u2019thuis legt zich toe op deze maatschappelijke kwestie<\/h3>\n<p>In het kader van de 38e publicatie van \u201cPAUV\u00e9RIT\u00e9, Forum-Bruxelles contre les in\u00e9galit\u00e9s\u201d, bespreken Kadija Bouchirab en Cl\u00e9mence Garcia, allebei medewerkers van Maison des Parents Solos \u2013 Eenoudergezinnen\u2019thuis, de uitdagingen van de begeleiding van eenoudergezinnen in Brussel.<\/p>\n<p style=\"padding-left: 40px;\"><span style=\"color: #00ccff;\"><a style=\"color: #00ccff;\" href=\"https:\/\/www.bornin.brussels\/nl\/nieuws\/alleen-ouderschap-het-huis-van-solo-ouders-een-ouder-huis-met-accent-op-dit-maatschappelijk-onderwerp\/\">\u2192 Eenoudergezinnen: Maison des Parents Solos \u2013 Eenoudergezinnen\u2019thuis legt zich toe op deze maatschappelijke kwestie<\/a><\/span><\/p>\n<h3>September 2023 : Papa worden: een openhartige en humoristische getuigenis<\/h3>\n<p>In zijn nieuwste video praat de Franse youtuber Ben N\u00e9vert openhartig en humoristisch over hoe hij papa is geworden.\u00a0 In alle openheid, zonder filter, beantwoordt hij vragen die zijn volgers op voorhand hadden doorgegeven. Hij vertelt over de bevalling, zijn nieuwe leven als papa en de relatie met zijn vriendin.<\/p>\n<p style=\"padding-left: 40px;\"><span style=\"color: #339966;\"><a style=\"color: #339966;\" href=\"https:\/\/www.bornin.brussels\/nl\/nieuws\/worden-papa-benadering-het-onderwerp-met-humor-en-lichtheid\/\">\u2192 Papa worden: een openhartige en humoristische getuigenis<\/a><\/span><\/p>\n<h3>Oktober 2023 : Nieuw \u201cKids Friendly\u201d-label voor een inclusiever onthaal van kinderen en hun ouder(s)<\/h3>\n<p>Het \u201cKids Friendly\u201d-label is een offici\u00eble en gratis erkenning die het Brussels Hoofdstedelijk Gewest begin oktober 2023 in het leven heeft geroepen. Voorzieningen uit de non-profitsector die een gastvrije omgeving bieden die aangepast is aan gezinnen (en in het bijzonder eenoudergezinnen) komen in aanmerking voor dit label. Daarmee kunnen ze hun diensten in de verf zetten en een specifieke doelgroep helpen in hun dagelijkse leven.<\/p>\n<p style=\"padding-left: 40px;\"><span style=\"color: #00ccff;\"><a style=\"color: #00ccff;\" href=\"https:\/\/www.bornin.brussels\/nl\/nieuws\/nouveau-label-kids-friendly-pour-un-accueil-plus-inclusif-des-enfants-et-leurs-parents\/\">\u2192 Nieuw \u201cKids Friendly\u201d-label voor een inclusiever onthaal van kinderen en hun ouder(s)<\/a><\/span><\/p>\n<h3>November 2023 : Ja, kinderen hebben rechten vanaf hun geboorte. Laten we erover praten!<\/h3>\n<p>Op 20 november is het de Internationale Dag van de Rechten van het Kind. Dat is een gelegenheid om die rechten op een rijtje te zetten en de balans op te maken van heel wat nieuwe ontwikkelingen op dit gebied in Belgi\u00eb: de verkiezing van een nieuwe afgevaardigde voor de rechten van het kind, een gloednieuw webportaal, een aantal georganiseerde evenementen \u2026 Want het klopt dat kinderen rechten hebben vanaf hun geboorte en daar moeten we zoveel mogelijk over praten.<\/p>\n<p style=\"padding-left: 40px;\"><span style=\"color: #339966;\"><a style=\"color: #339966;\" href=\"https:\/\/www.bornin.brussels\/nl\/nieuws\/ja-kinderen-zijn-recht-born-lets-talk\/\">\u2192 Ja, kinderen hebben rechten vanaf hun geboorte. Laten we erover praten!<\/a><\/span><\/p>\n<h3>December 2023 : Epigenetica: hoe verklaren we de overdracht van intergenerationeel trauma ?<\/h3>\n<p>Kan een ouder een zelf opgelopen trauma doorgeven aan een kind? Het is een onderwerp dat vragen oproept en veel (toekomstige) ouders, maar ook volwassenen in wording raakt.\u00a0Volgens wetenschappers kunnen trauma\u2019s daadwerkelijk worden doorgegeven via de genen, hoewel dit niet altijd gebeurt. Bovenop die eventuele genetische erfenis, die biologisch is van aard, komt er nog een nieuwe dimensie die de epigenetica heet.<\/p>\n<p style=\"padding-left: 40px;\"><span style=\"color: #00ccff;\"><a style=\"color: #00ccff;\" href=\"https:\/\/www.bornin.brussels\/nl\/nieuws\/lepigenetica-hoe-de-overdracht-van-intergenerationeel-trauma-te-verklaren\/\">\u2192 Epigenetica: hoe verklaren we de overdracht van intergenerationeel trauma ?<\/a><\/span><\/p>\n","protected":false},"excerpt":{"rendered":"<p>Het Born in Brussels team wenst u het allerbeste voor de feestdagen! En nu het jaar ten einde loopt, waarom het niet in stijl afsluiten? Het leek ons een goed [&hellip;]<\/p>\n","protected":false},"author":12,"featured_media":0,"comment_status":"closed","ping_status":"closed","sticky":false,"template":"","format":"standard","meta":{"_acf_changed":false,"_price":"","_stock":"","_tribe_ticket_header":"","_tribe_default_ticket_provider":"","_tribe_ticket_capacity":"0","_ticket_start_date":"","_ticket_end_date":"","_tribe_ticket_show_description":"","_tribe_ticket_show_not_going":false,"_tribe_ticket_use_global_stock":"","_tribe_ticket_global_stock_level":"","_global_stock_mode":"","_global_stock_cap":"","_tribe_rsvp_for_event":"","_tribe_ticket_going_count":"","_tribe_ticket_not_going_count":"","_tribe_tickets_list":"[]","_tribe_ticket_has_attendee_info_fields":false,"footnotes":""},"categories":[287],"tags":[],"class_list":["post-26274","post","type-post","status-publish","format-standard","hentry","category-nieuws"],"acf":[],"yoast_head":"<!-- This site is optimized with the Yoast SEO plugin v27.3 - https:\/\/yoast.com\/product\/yoast-seo-wordpress\/ -->\n<title>Een terugblik op de belangrijkste perinatale gebeurtenissen van 2023<\/title>\n<meta name=\"description\" content=\"Het leek ons een goed idee om de balans op te maken en de belangrijkste thema&#039;s voor 2023 te belichten.\" \/>\n<meta name=\"robots\" content=\"index, follow, max-snippet:-1, max-image-preview:large, max-video-preview:-1\" \/>\n<link rel=\"canonical\" href=\"https:\/\/www.bornin.brussels\/nl\/nieuws\/een-terugblik-op-de-belangrijkste-perinatale-gebeurtenissen-van-2023\/\" \/>\n<meta property=\"og:locale\" content=\"nl_NL\" \/>\n<meta property=\"og:type\" content=\"article\" \/>\n<meta property=\"og:title\" content=\"Een terugblik op de belangrijkste perinatale gebeurtenissen van 2023\" \/>\n<meta property=\"og:description\" content=\"Het leek ons een goed idee om de balans op te maken en de belangrijkste thema&#039;s voor 2023 te belichten.\" \/>\n<meta property=\"og:url\" content=\"https:\/\/www.bornin.brussels\/nl\/nieuws\/een-terugblik-op-de-belangrijkste-perinatale-gebeurtenissen-van-2023\/\" \/>\n<meta property=\"og:site_name\" content=\"Born in Brussels\" \/>\n<meta property=\"article:publisher\" content=\"https:\/\/www.facebook.com\/bornin.brussels\" \/>\n<meta property=\"article:published_time\" content=\"2023-12-18T08:59:46+00:00\" \/>\n<meta property=\"article:modified_time\" content=\"2023-12-18T09:25:01+00:00\" \/>\n<meta property=\"og:image\" content=\"https:\/\/www.bornin.brussels\/wp-content\/uploads\/2023\/12\/unsplash-scaled.jpg\" \/>\n<meta name=\"author\" content=\"Samuel\" \/>\n<meta name=\"twitter:card\" content=\"summary_large_image\" \/>\n<meta name=\"twitter:creator\" content=\"@BorninBrussels\" \/>\n<meta name=\"twitter:site\" content=\"@BorninBrussels\" \/>\n<meta name=\"twitter:label1\" content=\"Geschreven door\" \/>\n\t<meta name=\"twitter:data1\" content=\"Samuel\" \/>\n\t<meta name=\"twitter:label2\" content=\"Geschatte leestijd\" \/>\n\t<meta name=\"twitter:data2\" content=\"6 minuten\" \/>\n<script type=\"application\/ld+json\" class=\"yoast-schema-graph\">{\"@context\":\"https:\\\/\\\/schema.org\",\"@graph\":[{\"@type\":\"Article\",\"@id\":\"https:\\\/\\\/www.bornin.brussels\\\/nl\\\/nieuws\\\/een-terugblik-op-de-belangrijkste-perinatale-gebeurtenissen-van-2023\\\/#article\",\"isPartOf\":{\"@id\":\"https:\\\/\\\/www.bornin.brussels\\\/nl\\\/nieuws\\\/een-terugblik-op-de-belangrijkste-perinatale-gebeurtenissen-van-2023\\\/\"},\"author\":{\"name\":\"Samuel\",\"@id\":\"https:\\\/\\\/www.bornin.brussels\\\/#\\\/schema\\\/person\\\/d5833906cc87dee26fe5d25765c4ce5e\"},\"headline\":\"Een terugblik op de belangrijkste perinatale gebeurtenissen van 2023\",\"datePublished\":\"2023-12-18T08:59:46+00:00\",\"dateModified\":\"2023-12-18T09:25:01+00:00\",\"mainEntityOfPage\":{\"@id\":\"https:\\\/\\\/www.bornin.brussels\\\/nl\\\/nieuws\\\/een-terugblik-op-de-belangrijkste-perinatale-gebeurtenissen-van-2023\\\/\"},\"wordCount\":1154,\"image\":{\"@id\":\"https:\\\/\\\/www.bornin.brussels\\\/nl\\\/nieuws\\\/een-terugblik-op-de-belangrijkste-perinatale-gebeurtenissen-van-2023\\\/#primaryimage\"},\"thumbnailUrl\":\"https:\\\/\\\/www.bornin.brussels\\\/wp-content\\\/uploads\\\/2023\\\/12\\\/unsplash-scaled.jpg\",\"articleSection\":[\"Nieuws\"],\"inLanguage\":\"nl-NL\"},{\"@type\":\"WebPage\",\"@id\":\"https:\\\/\\\/www.bornin.brussels\\\/nl\\\/nieuws\\\/een-terugblik-op-de-belangrijkste-perinatale-gebeurtenissen-van-2023\\\/\",\"url\":\"https:\\\/\\\/www.bornin.brussels\\\/nl\\\/nieuws\\\/een-terugblik-op-de-belangrijkste-perinatale-gebeurtenissen-van-2023\\\/\",\"name\":\"Een terugblik op de belangrijkste perinatale gebeurtenissen van 2023\",\"isPartOf\":{\"@id\":\"https:\\\/\\\/www.bornin.brussels\\\/#website\"},\"primaryImageOfPage\":{\"@id\":\"https:\\\/\\\/www.bornin.brussels\\\/nl\\\/nieuws\\\/een-terugblik-op-de-belangrijkste-perinatale-gebeurtenissen-van-2023\\\/#primaryimage\"},\"image\":{\"@id\":\"https:\\\/\\\/www.bornin.brussels\\\/nl\\\/nieuws\\\/een-terugblik-op-de-belangrijkste-perinatale-gebeurtenissen-van-2023\\\/#primaryimage\"},\"thumbnailUrl\":\"https:\\\/\\\/www.bornin.brussels\\\/wp-content\\\/uploads\\\/2023\\\/12\\\/unsplash-scaled.jpg\",\"datePublished\":\"2023-12-18T08:59:46+00:00\",\"dateModified\":\"2023-12-18T09:25:01+00:00\",\"author\":{\"@id\":\"https:\\\/\\\/www.bornin.brussels\\\/#\\\/schema\\\/person\\\/d5833906cc87dee26fe5d25765c4ce5e\"},\"description\":\"Het leek ons een goed idee om de balans op te maken en de belangrijkste thema's voor 2023 te belichten.\",\"breadcrumb\":{\"@id\":\"https:\\\/\\\/www.bornin.brussels\\\/nl\\\/nieuws\\\/een-terugblik-op-de-belangrijkste-perinatale-gebeurtenissen-van-2023\\\/#breadcrumb\"},\"inLanguage\":\"nl-NL\",\"potentialAction\":[{\"@type\":\"ReadAction\",\"target\":[\"https:\\\/\\\/www.bornin.brussels\\\/nl\\\/nieuws\\\/een-terugblik-op-de-belangrijkste-perinatale-gebeurtenissen-van-2023\\\/\"]}]},{\"@type\":\"ImageObject\",\"inLanguage\":\"nl-NL\",\"@id\":\"https:\\\/\\\/www.bornin.brussels\\\/nl\\\/nieuws\\\/een-terugblik-op-de-belangrijkste-perinatale-gebeurtenissen-van-2023\\\/#primaryimage\",\"url\":\"https:\\\/\\\/www.bornin.brussels\\\/wp-content\\\/uploads\\\/2023\\\/12\\\/unsplash-scaled.jpg\",\"contentUrl\":\"https:\\\/\\\/www.bornin.brussels\\\/wp-content\\\/uploads\\\/2023\\\/12\\\/unsplash-scaled.jpg\"},{\"@type\":\"BreadcrumbList\",\"@id\":\"https:\\\/\\\/www.bornin.brussels\\\/nl\\\/nieuws\\\/een-terugblik-op-de-belangrijkste-perinatale-gebeurtenissen-van-2023\\\/#breadcrumb\",\"itemListElement\":[{\"@type\":\"ListItem\",\"position\":1,\"name\":\"Accueil\",\"item\":\"https:\\\/\\\/www.bornin.brussels\\\/nl\\\/\"},{\"@type\":\"ListItem\",\"position\":2,\"name\":\"Een terugblik op de belangrijkste perinatale gebeurtenissen van 2023\"}]},{\"@type\":\"WebSite\",\"@id\":\"https:\\\/\\\/www.bornin.brussels\\\/#website\",\"url\":\"https:\\\/\\\/www.bornin.brussels\\\/\",\"name\":\"Born in Brussels\",\"description\":\"Info en hulpbronnen rond de geboorte en de vroege kinderjaren\",\"potentialAction\":[{\"@type\":\"SearchAction\",\"target\":{\"@type\":\"EntryPoint\",\"urlTemplate\":\"https:\\\/\\\/www.bornin.brussels\\\/?s={search_term_string}\"},\"query-input\":{\"@type\":\"PropertyValueSpecification\",\"valueRequired\":true,\"valueName\":\"search_term_string\"}}],\"inLanguage\":\"nl-NL\"},{\"@type\":\"Person\",\"@id\":\"https:\\\/\\\/www.bornin.brussels\\\/#\\\/schema\\\/person\\\/d5833906cc87dee26fe5d25765c4ce5e\",\"name\":\"Samuel\",\"image\":{\"@type\":\"ImageObject\",\"inLanguage\":\"nl-NL\",\"@id\":\"https:\\\/\\\/secure.gravatar.com\\\/avatar\\\/f1ecf593f678f15ed0060dd25ba5c6801c849753432e2f3b80921789c58f8874?s=96&d=mm&r=g\",\"url\":\"https:\\\/\\\/secure.gravatar.com\\\/avatar\\\/f1ecf593f678f15ed0060dd25ba5c6801c849753432e2f3b80921789c58f8874?s=96&d=mm&r=g\",\"contentUrl\":\"https:\\\/\\\/secure.gravatar.com\\\/avatar\\\/f1ecf593f678f15ed0060dd25ba5c6801c849753432e2f3b80921789c58f8874?s=96&d=mm&r=g\",\"caption\":\"Samuel\"},\"url\":\"https:\\\/\\\/www.bornin.brussels\\\/nl\\\/author\\\/lgn-samuel\\\/\"}]}<\/script>\n<!-- \/ Yoast SEO plugin. -->","yoast_head_json":{"title":"Een terugblik op de belangrijkste perinatale gebeurtenissen van 2023","description":"Het leek ons een goed idee om de balans op te maken en de belangrijkste thema's voor 2023 te belichten.","robots":{"index":"index","follow":"follow","max-snippet":"max-snippet:-1","max-image-preview":"max-image-preview:large","max-video-preview":"max-video-preview:-1"},"canonical":"https:\/\/www.bornin.brussels\/nl\/nieuws\/een-terugblik-op-de-belangrijkste-perinatale-gebeurtenissen-van-2023\/","og_locale":"nl_NL","og_type":"article","og_title":"Een terugblik op de belangrijkste perinatale gebeurtenissen van 2023","og_description":"Het leek ons een goed idee om de balans op te maken en de belangrijkste thema's voor 2023 te belichten.","og_url":"https:\/\/www.bornin.brussels\/nl\/nieuws\/een-terugblik-op-de-belangrijkste-perinatale-gebeurtenissen-van-2023\/","og_site_name":"Born in Brussels","article_publisher":"https:\/\/www.facebook.com\/bornin.brussels","article_published_time":"2023-12-18T08:59:46+00:00","article_modified_time":"2023-12-18T09:25:01+00:00","og_image":[{"url":"https:\/\/www.bornin.brussels\/wp-content\/uploads\/2023\/12\/unsplash-scaled.jpg","type":"","width":"","height":""}],"author":"Samuel","twitter_card":"summary_large_image","twitter_creator":"@BorninBrussels","twitter_site":"@BorninBrussels","twitter_misc":{"Geschreven door":"Samuel","Geschatte leestijd":"6 minuten"},"schema":{"@context":"https:\/\/schema.org","@graph":[{"@type":"Article","@id":"https:\/\/www.bornin.brussels\/nl\/nieuws\/een-terugblik-op-de-belangrijkste-perinatale-gebeurtenissen-van-2023\/#article","isPartOf":{"@id":"https:\/\/www.bornin.brussels\/nl\/nieuws\/een-terugblik-op-de-belangrijkste-perinatale-gebeurtenissen-van-2023\/"},"author":{"name":"Samuel","@id":"https:\/\/www.bornin.brussels\/#\/schema\/person\/d5833906cc87dee26fe5d25765c4ce5e"},"headline":"Een terugblik op de belangrijkste perinatale gebeurtenissen van 2023","datePublished":"2023-12-18T08:59:46+00:00","dateModified":"2023-12-18T09:25:01+00:00","mainEntityOfPage":{"@id":"https:\/\/www.bornin.brussels\/nl\/nieuws\/een-terugblik-op-de-belangrijkste-perinatale-gebeurtenissen-van-2023\/"},"wordCount":1154,"image":{"@id":"https:\/\/www.bornin.brussels\/nl\/nieuws\/een-terugblik-op-de-belangrijkste-perinatale-gebeurtenissen-van-2023\/#primaryimage"},"thumbnailUrl":"https:\/\/www.bornin.brussels\/wp-content\/uploads\/2023\/12\/unsplash-scaled.jpg","articleSection":["Nieuws"],"inLanguage":"nl-NL"},{"@type":"WebPage","@id":"https:\/\/www.bornin.brussels\/nl\/nieuws\/een-terugblik-op-de-belangrijkste-perinatale-gebeurtenissen-van-2023\/","url":"https:\/\/www.bornin.brussels\/nl\/nieuws\/een-terugblik-op-de-belangrijkste-perinatale-gebeurtenissen-van-2023\/","name":"Een terugblik op de belangrijkste perinatale gebeurtenissen van 2023","isPartOf":{"@id":"https:\/\/www.bornin.brussels\/#website"},"primaryImageOfPage":{"@id":"https:\/\/www.bornin.brussels\/nl\/nieuws\/een-terugblik-op-de-belangrijkste-perinatale-gebeurtenissen-van-2023\/#primaryimage"},"image":{"@id":"https:\/\/www.bornin.brussels\/nl\/nieuws\/een-terugblik-op-de-belangrijkste-perinatale-gebeurtenissen-van-2023\/#primaryimage"},"thumbnailUrl":"https:\/\/www.bornin.brussels\/wp-content\/uploads\/2023\/12\/unsplash-scaled.jpg","datePublished":"2023-12-18T08:59:46+00:00","dateModified":"2023-12-18T09:25:01+00:00","author":{"@id":"https:\/\/www.bornin.brussels\/#\/schema\/person\/d5833906cc87dee26fe5d25765c4ce5e"},"description":"Het leek ons een goed idee om de balans op te maken en de belangrijkste thema's voor 2023 te belichten.","breadcrumb":{"@id":"https:\/\/www.bornin.brussels\/nl\/nieuws\/een-terugblik-op-de-belangrijkste-perinatale-gebeurtenissen-van-2023\/#breadcrumb"},"inLanguage":"nl-NL","potentialAction":[{"@type":"ReadAction","target":["https:\/\/www.bornin.brussels\/nl\/nieuws\/een-terugblik-op-de-belangrijkste-perinatale-gebeurtenissen-van-2023\/"]}]},{"@type":"ImageObject","inLanguage":"nl-NL","@id":"https:\/\/www.bornin.brussels\/nl\/nieuws\/een-terugblik-op-de-belangrijkste-perinatale-gebeurtenissen-van-2023\/#primaryimage","url":"https:\/\/www.bornin.brussels\/wp-content\/uploads\/2023\/12\/unsplash-scaled.jpg","contentUrl":"https:\/\/www.bornin.brussels\/wp-content\/uploads\/2023\/12\/unsplash-scaled.jpg"},{"@type":"BreadcrumbList","@id":"https:\/\/www.bornin.brussels\/nl\/nieuws\/een-terugblik-op-de-belangrijkste-perinatale-gebeurtenissen-van-2023\/#breadcrumb","itemListElement":[{"@type":"ListItem","position":1,"name":"Accueil","item":"https:\/\/www.bornin.brussels\/nl\/"},{"@type":"ListItem","position":2,"name":"Een terugblik op de belangrijkste perinatale gebeurtenissen van 2023"}]},{"@type":"WebSite","@id":"https:\/\/www.bornin.brussels\/#website","url":"https:\/\/www.bornin.brussels\/","name":"Born in Brussels","description":"Info en hulpbronnen rond de geboorte en de vroege kinderjaren","potentialAction":[{"@type":"SearchAction","target":{"@type":"EntryPoint","urlTemplate":"https:\/\/www.bornin.brussels\/?s={search_term_string}"},"query-input":{"@type":"PropertyValueSpecification","valueRequired":true,"valueName":"search_term_string"}}],"inLanguage":"nl-NL"},{"@type":"Person","@id":"https:\/\/www.bornin.brussels\/#\/schema\/person\/d5833906cc87dee26fe5d25765c4ce5e","name":"Samuel","image":{"@type":"ImageObject","inLanguage":"nl-NL","@id":"https:\/\/secure.gravatar.com\/avatar\/f1ecf593f678f15ed0060dd25ba5c6801c849753432e2f3b80921789c58f8874?s=96&d=mm&r=g","url":"https:\/\/secure.gravatar.com\/avatar\/f1ecf593f678f15ed0060dd25ba5c6801c849753432e2f3b80921789c58f8874?s=96&d=mm&r=g","contentUrl":"https:\/\/secure.gravatar.com\/avatar\/f1ecf593f678f15ed0060dd25ba5c6801c849753432e2f3b80921789c58f8874?s=96&d=mm&r=g","caption":"Samuel"},"url":"https:\/\/www.bornin.brussels\/nl\/author\/lgn-samuel\/"}]}},"views":466,"_links":{"self":[{"href":"https:\/\/www.bornin.brussels\/nl\/wp-json\/wp\/v2\/posts\/26274","targetHints":{"allow":["GET"]}}],"collection":[{"href":"https:\/\/www.bornin.brussels\/nl\/wp-json\/wp\/v2\/posts"}],"about":[{"href":"https:\/\/www.bornin.brussels\/nl\/wp-json\/wp\/v2\/types\/post"}],"author":[{"embeddable":true,"href":"https:\/\/www.bornin.brussels\/nl\/wp-json\/wp\/v2\/users\/12"}],"replies":[{"embeddable":true,"href":"https:\/\/www.bornin.brussels\/nl\/wp-json\/wp\/v2\/comments?post=26274"}],"version-history":[{"count":4,"href":"https:\/\/www.bornin.brussels\/nl\/wp-json\/wp\/v2\/posts\/26274\/revisions"}],"predecessor-version":[{"id":26281,"href":"https:\/\/www.bornin.brussels\/nl\/wp-json\/wp\/v2\/posts\/26274\/revisions\/26281"}],"wp:attachment":[{"href":"https:\/\/www.bornin.brussels\/nl\/wp-json\/wp\/v2\/media?parent=26274"}],"wp:term":[{"taxonomy":"category","embeddable":true,"href":"https:\/\/www.bornin.brussels\/nl\/wp-json\/wp\/v2\/categories?post=26274"},{"taxonomy":"post_tag","embeddable":true,"href":"https:\/\/www.bornin.brussels\/nl\/wp-json\/wp\/v2\/tags?post=26274"}],"curies":[{"name":"wp","href":"https:\/\/api.w.org\/{rel}","templated":true}]}}