{"id":42689,"date":"2026-03-06T19:00:07","date_gmt":"2026-03-06T18:00:07","guid":{"rendered":"https:\/\/www.bornin.brussels\/?p=42689"},"modified":"2026-02-27T19:27:54","modified_gmt":"2026-02-27T18:27:54","slug":"zero-enfant-en-rue-deux-instances-defenseurs-de-lenfance-tirent-la-sonnette-dalarme","status":"publish","type":"post","link":"https:\/\/www.bornin.brussels\/nl\/nieuws\/zero-enfant-en-rue-deux-instances-defenseurs-de-lenfance-tirent-la-sonnette-dalarme\/","title":{"rendered":"\u201cGeen kinderen op straat\u201d, kinderrechtenactivisten luiden de alarmbel!"},"content":{"rendered":"<p><strong>In Brussel brengen nog steeds veel kinderen en hun gezinnen de nacht buiten door! De <a href=\"https:\/\/www.defenseurdesenfants.be\/qui-est-le-delegue-general\" target=\"_blank\" rel=\"noopener\">D\u00e9l\u00e9gu\u00e9 g\u00e9n\u00e9ral aux droits de l\u2019enfant<\/a> (DGDE) en het <a href=\"https:\/\/www.kinderrechten.be\/\" target=\"_blank\" rel=\"noopener\">Kinderrechtencommissariaat<\/a> (KRC) luiden met spoed de alarmbel! Een onaanvaardbare realiteit die nochtans deel uitmaakt van de fundamentele rechten van het kind. De twee organisaties die opkomen voor de rechten en belangen van kinderen in Walloni\u00eb, Brussel en Vlaanderen roepen op tot onmiddellijke maatregelen en begeleiden hun eisen met de volgende boodschap: <em>&#8220;Geen enkel kind zou buiten moeten slapen, ongeacht de administratieve situatie van zijn familie of het geldende overheidsbeleid.&#8221;<\/em><\/strong><\/p>\n<p><img loading=\"lazy\" decoding=\"async\" class=\"alignnone wp-image-42691\" src=\"https:\/\/www.bornin.brussels\/wp-content\/uploads\/2026\/03\/feliphe-schiarolli-I59n_UyoCng-unsplash-scaled.jpg\" alt=\"\" width=\"597\" height=\"397\" srcset=\"https:\/\/www.bornin.brussels\/wp-content\/uploads\/2026\/03\/feliphe-schiarolli-I59n_UyoCng-unsplash-scaled.jpg 2560w, https:\/\/www.bornin.brussels\/wp-content\/uploads\/2026\/03\/feliphe-schiarolli-I59n_UyoCng-unsplash-300x199.jpg 300w, https:\/\/www.bornin.brussels\/wp-content\/uploads\/2026\/03\/feliphe-schiarolli-I59n_UyoCng-unsplash-1024x681.jpg 1024w, https:\/\/www.bornin.brussels\/wp-content\/uploads\/2026\/03\/feliphe-schiarolli-I59n_UyoCng-unsplash-768x511.jpg 768w, https:\/\/www.bornin.brussels\/wp-content\/uploads\/2026\/03\/feliphe-schiarolli-I59n_UyoCng-unsplash-1536x1021.jpg 1536w, https:\/\/www.bornin.brussels\/wp-content\/uploads\/2026\/03\/feliphe-schiarolli-I59n_UyoCng-unsplash-2048x1362.jpg 2048w\" sizes=\"auto, (max-width: 597px) 100vw, 597px\" \/><\/p>\n<p style=\"padding-left: 80px;\"><em>{Persbericht van DGDE en KRC}<\/em><\/p>\n<h3>Bevindingen van actoren in het veld<\/h3>\n<p>Hoewel in heel Belgi\u00eb een probleem, is de situatie in Brussel bijzonder nijpend. Het fenomeen van dakloosheid treft een veel grotere bevolkingsgroep dan in de openbare ruimte te zien is. Bij de laatste telling (2024) waren er in Brussel 9.777 dak- en thuislozen, waaronder 1.678 minderjarigen.<\/p>\n<p>Om de recente evolutie van de situatie objectief te bekijken en de druk op de noodopvang te meten, hebben onze instellingen gezamenlijk Bruss&#8217;help en Samusocial geraadpleegd, twee essenti\u00eble actoren op het vlak van co\u00f6rdinatie en eerstelijnsinterventie. Hun bevindingen komen overeen: de aanvragen nemen toe, de voorzieningen raken overbelast en de weigeringen van opvang stapelen zich op. Samusocial moet dagelijks gezinnen weigeren en bevestigt dat er momenteel kinderen op straat leven in Brussel.<\/p>\n<h3>Quelques donn\u00e9es chiffr\u00e9es<\/h3>\n<p>Er bestaan geen volledige en up-to-date cijfers over het aantal mensen dat \u201cop straat\u201d leeft. Weigeringen van opvang zijn daarom een belangrijke indicator voor het aantal kinderen en gezinnen zonder onderdak. Daar bovenop komt dat sommige gezinnen in nood geen beroep (meer) doen op de voorzieningen. En dus een deel van die gezinnen niet gezien worden en niet in de tellingen zitten.<\/p>\n<p>Deze gegevens moeten worden gelezen in het licht van een aanvullende realiteit: de \u201cstraat\u201d beperkt zich niet tot de zichtbare openbare ruimte. Een deel van de gezinnen bevindt zich in situaties die \u201conder de radar\u201d blijven, maar die absoluut ongepast zijn voor kinderen (sofaslapen bij kennissen, overnachten in auto of garagebox, kraakpanden), met grote risico&#8217;s voor hun veiligheid, de gezondheid en de ontwikkeling. Hier zijn enkele cijfers<\/p>\n<ul>\n<li>een toename van het aantal weigeringen van opvang voor gezinnen met kinderen in 2025, met pieken tijdens de zomer;<\/li>\n<li>een bijzonder opvallend signaal: tot 100 gezinnen geweigerd op \u00e9\u00e9n dag;<\/li>\n<li>sinds 6 oktober gemiddeld 127 personen per week geweigerd, voornamelijk gezinnen met kinderen, vaak alleenstaande moeders met kinderen;<\/li>\n<\/ul>\n<h3>Risico op een \u201cklif\u201d-effect<\/h3>\n<p>Dit betekent dat vanaf 1 april 285 extra mensen, onder wie veel kinderen, de nacht op straat zullen doorbrengen, ook al is de situatie gezien het huidige aantal afwijzingen nu al kritiek.<br \/>\nDeze sluitingen zullen automatisch leiden tot n\u00f3g meer afwijzingen en meer kinderen zonder dak boven het hoofd.<\/p>\n<h3>Politieke keuzes hebben concrete gevolgen voor kinderen<\/h3>\n<p>Een optelsom van migratiebeleid, huiselijk en echtelijk geweld, uithuiszettingen en een gebrek aan geschikte huisvestingsoplossingen leidden tot de huidige situatie. Al deze evoluties versterken elkaar en treffen ook kinderen.<\/p>\n<p>Opvangweigeringen, instabiele woon- en verblijfssituaties en de structurele capaciteitsdruk in residenti\u00eble opvang en andere stabiliserende woonvormen met begeleiding brengen de veiligheid, gezondheid, schoolloopbaan en ontwikkeling van kinderen rechtstreeks in gevaar. Gezinnen blijven langdurig in een noodsituatie steken bij gebrek aan opvang en passende oplossingen.<\/p>\n<h3>Collectieve verantwoordelijkheid: dringend actie nodig op alle beleidsniveaus<\/h3>\n<p>We herinneren de Belgische overheden eraan dat Belgi\u00eb in juni 2021 de Verklaring van Lissabon ondertekende. Hiermee verbond Belgi\u00eb zich ertoe dakloosheid te willen be\u00ebindigen tegen 2030. \u00a0De doelstellingen in de verklaring zijn als volgt:<\/p>\n<ul>\n<li>Niemand slaapt op straat bij gebrek aan toegankelijke, veilige en geschikte noodopvang.<\/li>\n<li>Niemand verblijft langer dan nodig in nood- of tijdelijke opvang \u00a0om een succesvolle overstap te maken naar een permanente huisvesting.<\/li>\n<li>Niemand wordt ontslagen uit een instelling (bijvoorbeeld\u202fgevangenis, ziekenhuis, zorginstelling) zonder een passend huisvestingsaanbod.<\/li>\n<li>Uithuiszettingen moeten waar mogelijk worden voorkomen en niemand wordt uit zijn huis gezet zonder hulp voor een passende huisvestingsoplossing, indien nodig.<\/li>\n<li>Niemand wordt gediscrimineerd wegens zijn dak- of thuisloosheidsstatus.<br \/>\nWe roepen op tot een dringende geco\u00f6rdineerde mobilisatie van de verschillende overheden: federaal, de gewesten, gemeenschappen, lokale besturen en OCMW\u2019s. De bescherming van kinderen is een gedeelde verantwoordelijkheid.<\/li>\n<\/ul>\n<p>Er bestaan oplossingen en die zijn gedocumenteerd, waaronder de oproep om het principe van \u201cnul weigering voor gezinnen en geen enkel kind op straat\u201d te hanteren, gedragen door het Comit\u00e9 voor Dringende Hulp en Sociale Inschakeling (Comit\u00e9 de l\u2019Aide d\u2019Urgence et de l\u2019Insertion sociale \u2013 CU-CI) van Bruss\u2019help.<\/p>\n<h3>Er zijn oplossingen!<\/h3>\n<p>We vragen om onmiddellijke en concrete maatregelen:<\/p>\n<ul>\n<li>Zorg ervoor dat geen enkel kind buiten moet overnachten;<\/li>\n<li>Behoud de 285 plaatsen die op 31 maart bedreigd worden en versterk de capaciteit voor gezinnen;<\/li>\n<li>Veranker tijdelijk geopende opvangcapaciteit structureel wanneer de noden aanhouden;<\/li>\n<li>Ontwikkel transitwoningen om te vermijden dat gezinnen na een uithuiszetting of bij het ontvluchten van intrafamiliaal geweld in de noodopvang terechtkomen.<\/li>\n<li>Ondersteun mobiele teams en gezinsbegeleiding buiten de klassieke voorzieningen op een structurele, duurzame manier;<\/li>\n<li>Versterk de toegang tot meer structurele opvang- en begeleidingsoplossingen, waaronder gespecialiseerde hulpverlening en jeugdhulp wanneer nodig, om kinderen duurzaam uit de noodsituatie te halen;<\/li>\n<li>Zorg voor een planning die het permanente jojo-effect van openingen en sluitingen van noodopvangvoorzieningen vermijdt: dit is onwerkbaar voor teams en nefast voor de stabiliteit van kinderen.<\/li>\n<\/ul>\n<h3>Onze boodschap is simpel: geen kinderen op straat<\/h3>\n<p>Kinderen dak- en thuisloos laten is ontoelaatbaar en schendt de kinderrechten. \u201cGeen kinderen op straat\u201d is geen slogan of optie. Het is een minimale eis voor bescherming en waardigheid. Het Kinderrechtencommissariaat en de D\u00e9l\u00e9gu\u00e9 g\u00e9n\u00e9ral aux droits de l\u2019enfant blijven zich hiervoor inzetten en zullen de betrokken autoriteiten aanspreken om onmiddellijke en structurele maatregelen te nemen.<\/p>\n","protected":false},"excerpt":{"rendered":"<p>In Brussel brengen nog steeds veel kinderen en hun gezinnen de nacht buiten door! De D\u00e9l\u00e9gu\u00e9 g\u00e9n\u00e9ral aux droits de l\u2019enfant (DGDE) en het Kinderrechtencommissariaat (KRC) luiden met spoed de [&hellip;]<\/p>\n","protected":false},"author":12,"featured_media":0,"comment_status":"closed","ping_status":"closed","sticky":false,"template":"","format":"standard","meta":{"_acf_changed":false,"_price":"","_stock":"","_tribe_ticket_header":"","_tribe_default_ticket_provider":"","_tribe_ticket_capacity":"0","_ticket_start_date":"","_ticket_end_date":"","_tribe_ticket_show_description":"","_tribe_ticket_show_not_going":false,"_tribe_ticket_use_global_stock":"","_tribe_ticket_global_stock_level":"","_global_stock_mode":"","_global_stock_cap":"","_tribe_rsvp_for_event":"","_tribe_ticket_going_count":"","_tribe_ticket_not_going_count":"","_tribe_tickets_list":"[]","_tribe_ticket_has_attendee_info_fields":false,"footnotes":""},"categories":[287],"tags":[],"class_list":["post-42689","post","type-post","status-publish","format-standard","hentry","category-nieuws"],"acf":[],"yoast_head":"<!-- This site is optimized with the Yoast SEO plugin v27.3 - https:\/\/yoast.com\/product\/yoast-seo-wordpress\/ -->\n<title>Kinderen slapen nog steeds buiten in Brussel<\/title>\n<meta name=\"description\" content=\"Le D\u00e9l\u00e9gu\u00e9 g\u00e9n\u00e9ral aux droits de l\u2019enfant\u00a0en het Kinderrechtencommissariaat waarschuwen voor kinderen slapen buiten in Brussel\" \/>\n<meta name=\"robots\" content=\"index, follow, max-snippet:-1, max-image-preview:large, max-video-preview:-1\" \/>\n<link rel=\"canonical\" href=\"https:\/\/www.bornin.brussels\/actualites\/zero-enfant-en-rue-deux-instances-defenseurs-de-lenfance-tirent-la-sonnette-dalarme\/\" \/>\n<meta property=\"og:locale\" content=\"nl_NL\" \/>\n<meta property=\"og:type\" content=\"article\" \/>\n<meta property=\"og:title\" content=\"Kinderen slapen nog steeds buiten in Brussel\" \/>\n<meta property=\"og:description\" content=\"Le D\u00e9l\u00e9gu\u00e9 g\u00e9n\u00e9ral aux droits de l\u2019enfant\u00a0en het Kinderrechtencommissariaat waarschuwen voor kinderen slapen buiten in Brussel\" \/>\n<meta property=\"og:url\" content=\"https:\/\/www.bornin.brussels\/actualites\/zero-enfant-en-rue-deux-instances-defenseurs-de-lenfance-tirent-la-sonnette-dalarme\/\" \/>\n<meta property=\"og:site_name\" content=\"Born in Brussels\" \/>\n<meta property=\"article:publisher\" content=\"https:\/\/www.facebook.com\/bornin.brussels\" \/>\n<meta property=\"article:published_time\" content=\"2026-03-06T18:00:07+00:00\" \/>\n<meta property=\"og:image\" content=\"https:\/\/www.bornin.brussels\/wp-content\/uploads\/2026\/03\/feliphe-schiarolli-I59n_UyoCng-unsplash-scaled.jpg\" \/>\n\t<meta property=\"og:image:width\" content=\"2560\" \/>\n\t<meta property=\"og:image:height\" content=\"1702\" \/>\n\t<meta property=\"og:image:type\" content=\"image\/jpeg\" \/>\n<meta name=\"author\" content=\"Samuel\" \/>\n<meta name=\"twitter:card\" content=\"summary_large_image\" \/>\n<meta name=\"twitter:creator\" content=\"@BorninBrussels\" \/>\n<meta name=\"twitter:site\" content=\"@BorninBrussels\" \/>\n<meta name=\"twitter:label1\" content=\"Geschreven door\" \/>\n\t<meta name=\"twitter:data1\" content=\"Samuel\" \/>\n\t<meta name=\"twitter:label2\" content=\"Geschatte leestijd\" \/>\n\t<meta name=\"twitter:data2\" content=\"5 minuten\" \/>\n<script type=\"application\/ld+json\" class=\"yoast-schema-graph\">{\"@context\":\"https:\\\/\\\/schema.org\",\"@graph\":[{\"@type\":\"Article\",\"@id\":\"https:\\\/\\\/www.bornin.brussels\\\/actualites\\\/zero-enfant-en-rue-deux-instances-defenseurs-de-lenfance-tirent-la-sonnette-dalarme\\\/#article\",\"isPartOf\":{\"@id\":\"https:\\\/\\\/www.bornin.brussels\\\/actualites\\\/zero-enfant-en-rue-deux-instances-defenseurs-de-lenfance-tirent-la-sonnette-dalarme\\\/\"},\"author\":{\"name\":\"Samuel\",\"@id\":\"https:\\\/\\\/www.bornin.brussels\\\/#\\\/schema\\\/person\\\/d5833906cc87dee26fe5d25765c4ce5e\"},\"headline\":\"\u201cGeen kinderen op straat\u201d, kinderrechtenactivisten luiden de alarmbel!\",\"datePublished\":\"2026-03-06T18:00:07+00:00\",\"mainEntityOfPage\":{\"@id\":\"https:\\\/\\\/www.bornin.brussels\\\/actualites\\\/zero-enfant-en-rue-deux-instances-defenseurs-de-lenfance-tirent-la-sonnette-dalarme\\\/\"},\"wordCount\":943,\"image\":{\"@id\":\"https:\\\/\\\/www.bornin.brussels\\\/actualites\\\/zero-enfant-en-rue-deux-instances-defenseurs-de-lenfance-tirent-la-sonnette-dalarme\\\/#primaryimage\"},\"thumbnailUrl\":\"https:\\\/\\\/www.bornin.brussels\\\/wp-content\\\/uploads\\\/2026\\\/03\\\/feliphe-schiarolli-I59n_UyoCng-unsplash-scaled.jpg\",\"articleSection\":[\"Nieuws\"],\"inLanguage\":\"nl-NL\"},{\"@type\":\"WebPage\",\"@id\":\"https:\\\/\\\/www.bornin.brussels\\\/actualites\\\/zero-enfant-en-rue-deux-instances-defenseurs-de-lenfance-tirent-la-sonnette-dalarme\\\/\",\"url\":\"https:\\\/\\\/www.bornin.brussels\\\/actualites\\\/zero-enfant-en-rue-deux-instances-defenseurs-de-lenfance-tirent-la-sonnette-dalarme\\\/\",\"name\":\"Kinderen slapen nog steeds buiten in Brussel\",\"isPartOf\":{\"@id\":\"https:\\\/\\\/www.bornin.brussels\\\/#website\"},\"primaryImageOfPage\":{\"@id\":\"https:\\\/\\\/www.bornin.brussels\\\/actualites\\\/zero-enfant-en-rue-deux-instances-defenseurs-de-lenfance-tirent-la-sonnette-dalarme\\\/#primaryimage\"},\"image\":{\"@id\":\"https:\\\/\\\/www.bornin.brussels\\\/actualites\\\/zero-enfant-en-rue-deux-instances-defenseurs-de-lenfance-tirent-la-sonnette-dalarme\\\/#primaryimage\"},\"thumbnailUrl\":\"https:\\\/\\\/www.bornin.brussels\\\/wp-content\\\/uploads\\\/2026\\\/03\\\/feliphe-schiarolli-I59n_UyoCng-unsplash-scaled.jpg\",\"datePublished\":\"2026-03-06T18:00:07+00:00\",\"author\":{\"@id\":\"https:\\\/\\\/www.bornin.brussels\\\/#\\\/schema\\\/person\\\/d5833906cc87dee26fe5d25765c4ce5e\"},\"description\":\"Le D\u00e9l\u00e9gu\u00e9 g\u00e9n\u00e9ral aux droits de l\u2019enfant\u00a0en het Kinderrechtencommissariaat waarschuwen voor kinderen slapen buiten in Brussel\",\"breadcrumb\":{\"@id\":\"https:\\\/\\\/www.bornin.brussels\\\/actualites\\\/zero-enfant-en-rue-deux-instances-defenseurs-de-lenfance-tirent-la-sonnette-dalarme\\\/#breadcrumb\"},\"inLanguage\":\"nl-NL\",\"potentialAction\":[{\"@type\":\"ReadAction\",\"target\":[\"https:\\\/\\\/www.bornin.brussels\\\/actualites\\\/zero-enfant-en-rue-deux-instances-defenseurs-de-lenfance-tirent-la-sonnette-dalarme\\\/\"]}]},{\"@type\":\"ImageObject\",\"inLanguage\":\"nl-NL\",\"@id\":\"https:\\\/\\\/www.bornin.brussels\\\/actualites\\\/zero-enfant-en-rue-deux-instances-defenseurs-de-lenfance-tirent-la-sonnette-dalarme\\\/#primaryimage\",\"url\":\"https:\\\/\\\/www.bornin.brussels\\\/wp-content\\\/uploads\\\/2026\\\/03\\\/feliphe-schiarolli-I59n_UyoCng-unsplash-scaled.jpg\",\"contentUrl\":\"https:\\\/\\\/www.bornin.brussels\\\/wp-content\\\/uploads\\\/2026\\\/03\\\/feliphe-schiarolli-I59n_UyoCng-unsplash-scaled.jpg\"},{\"@type\":\"BreadcrumbList\",\"@id\":\"https:\\\/\\\/www.bornin.brussels\\\/actualites\\\/zero-enfant-en-rue-deux-instances-defenseurs-de-lenfance-tirent-la-sonnette-dalarme\\\/#breadcrumb\",\"itemListElement\":[{\"@type\":\"ListItem\",\"position\":1,\"name\":\"Accueil\",\"item\":\"https:\\\/\\\/www.bornin.brussels\\\/nl\\\/\"},{\"@type\":\"ListItem\",\"position\":2,\"name\":\"\u201cGeen kinderen op straat\u201d, kinderrechtenactivisten luiden de alarmbel!\"}]},{\"@type\":\"WebSite\",\"@id\":\"https:\\\/\\\/www.bornin.brussels\\\/#website\",\"url\":\"https:\\\/\\\/www.bornin.brussels\\\/\",\"name\":\"Born in Brussels\",\"description\":\"Info en hulpbronnen rond de geboorte en de vroege kinderjaren\",\"potentialAction\":[{\"@type\":\"SearchAction\",\"target\":{\"@type\":\"EntryPoint\",\"urlTemplate\":\"https:\\\/\\\/www.bornin.brussels\\\/?s={search_term_string}\"},\"query-input\":{\"@type\":\"PropertyValueSpecification\",\"valueRequired\":true,\"valueName\":\"search_term_string\"}}],\"inLanguage\":\"nl-NL\"},{\"@type\":\"Person\",\"@id\":\"https:\\\/\\\/www.bornin.brussels\\\/#\\\/schema\\\/person\\\/d5833906cc87dee26fe5d25765c4ce5e\",\"name\":\"Samuel\",\"image\":{\"@type\":\"ImageObject\",\"inLanguage\":\"nl-NL\",\"@id\":\"https:\\\/\\\/secure.gravatar.com\\\/avatar\\\/f1ecf593f678f15ed0060dd25ba5c6801c849753432e2f3b80921789c58f8874?s=96&d=mm&r=g\",\"url\":\"https:\\\/\\\/secure.gravatar.com\\\/avatar\\\/f1ecf593f678f15ed0060dd25ba5c6801c849753432e2f3b80921789c58f8874?s=96&d=mm&r=g\",\"contentUrl\":\"https:\\\/\\\/secure.gravatar.com\\\/avatar\\\/f1ecf593f678f15ed0060dd25ba5c6801c849753432e2f3b80921789c58f8874?s=96&d=mm&r=g\",\"caption\":\"Samuel\"},\"url\":\"https:\\\/\\\/www.bornin.brussels\\\/nl\\\/author\\\/lgn-samuel\\\/\"}]}<\/script>\n<!-- \/ Yoast SEO plugin. -->","yoast_head_json":{"title":"Kinderen slapen nog steeds buiten in Brussel","description":"Le D\u00e9l\u00e9gu\u00e9 g\u00e9n\u00e9ral aux droits de l\u2019enfant\u00a0en het Kinderrechtencommissariaat waarschuwen voor kinderen slapen buiten in Brussel","robots":{"index":"index","follow":"follow","max-snippet":"max-snippet:-1","max-image-preview":"max-image-preview:large","max-video-preview":"max-video-preview:-1"},"canonical":"https:\/\/www.bornin.brussels\/actualites\/zero-enfant-en-rue-deux-instances-defenseurs-de-lenfance-tirent-la-sonnette-dalarme\/","og_locale":"nl_NL","og_type":"article","og_title":"Kinderen slapen nog steeds buiten in Brussel","og_description":"Le D\u00e9l\u00e9gu\u00e9 g\u00e9n\u00e9ral aux droits de l\u2019enfant\u00a0en het Kinderrechtencommissariaat waarschuwen voor kinderen slapen buiten in Brussel","og_url":"https:\/\/www.bornin.brussels\/actualites\/zero-enfant-en-rue-deux-instances-defenseurs-de-lenfance-tirent-la-sonnette-dalarme\/","og_site_name":"Born in Brussels","article_publisher":"https:\/\/www.facebook.com\/bornin.brussels","article_published_time":"2026-03-06T18:00:07+00:00","og_image":[{"width":2560,"height":1702,"url":"https:\/\/www.bornin.brussels\/wp-content\/uploads\/2026\/03\/feliphe-schiarolli-I59n_UyoCng-unsplash-scaled.jpg","type":"image\/jpeg"}],"author":"Samuel","twitter_card":"summary_large_image","twitter_creator":"@BorninBrussels","twitter_site":"@BorninBrussels","twitter_misc":{"Geschreven door":"Samuel","Geschatte leestijd":"5 minuten"},"schema":{"@context":"https:\/\/schema.org","@graph":[{"@type":"Article","@id":"https:\/\/www.bornin.brussels\/actualites\/zero-enfant-en-rue-deux-instances-defenseurs-de-lenfance-tirent-la-sonnette-dalarme\/#article","isPartOf":{"@id":"https:\/\/www.bornin.brussels\/actualites\/zero-enfant-en-rue-deux-instances-defenseurs-de-lenfance-tirent-la-sonnette-dalarme\/"},"author":{"name":"Samuel","@id":"https:\/\/www.bornin.brussels\/#\/schema\/person\/d5833906cc87dee26fe5d25765c4ce5e"},"headline":"\u201cGeen kinderen op straat\u201d, kinderrechtenactivisten luiden de alarmbel!","datePublished":"2026-03-06T18:00:07+00:00","mainEntityOfPage":{"@id":"https:\/\/www.bornin.brussels\/actualites\/zero-enfant-en-rue-deux-instances-defenseurs-de-lenfance-tirent-la-sonnette-dalarme\/"},"wordCount":943,"image":{"@id":"https:\/\/www.bornin.brussels\/actualites\/zero-enfant-en-rue-deux-instances-defenseurs-de-lenfance-tirent-la-sonnette-dalarme\/#primaryimage"},"thumbnailUrl":"https:\/\/www.bornin.brussels\/wp-content\/uploads\/2026\/03\/feliphe-schiarolli-I59n_UyoCng-unsplash-scaled.jpg","articleSection":["Nieuws"],"inLanguage":"nl-NL"},{"@type":"WebPage","@id":"https:\/\/www.bornin.brussels\/actualites\/zero-enfant-en-rue-deux-instances-defenseurs-de-lenfance-tirent-la-sonnette-dalarme\/","url":"https:\/\/www.bornin.brussels\/actualites\/zero-enfant-en-rue-deux-instances-defenseurs-de-lenfance-tirent-la-sonnette-dalarme\/","name":"Kinderen slapen nog steeds buiten in Brussel","isPartOf":{"@id":"https:\/\/www.bornin.brussels\/#website"},"primaryImageOfPage":{"@id":"https:\/\/www.bornin.brussels\/actualites\/zero-enfant-en-rue-deux-instances-defenseurs-de-lenfance-tirent-la-sonnette-dalarme\/#primaryimage"},"image":{"@id":"https:\/\/www.bornin.brussels\/actualites\/zero-enfant-en-rue-deux-instances-defenseurs-de-lenfance-tirent-la-sonnette-dalarme\/#primaryimage"},"thumbnailUrl":"https:\/\/www.bornin.brussels\/wp-content\/uploads\/2026\/03\/feliphe-schiarolli-I59n_UyoCng-unsplash-scaled.jpg","datePublished":"2026-03-06T18:00:07+00:00","author":{"@id":"https:\/\/www.bornin.brussels\/#\/schema\/person\/d5833906cc87dee26fe5d25765c4ce5e"},"description":"Le D\u00e9l\u00e9gu\u00e9 g\u00e9n\u00e9ral aux droits de l\u2019enfant\u00a0en het Kinderrechtencommissariaat waarschuwen voor kinderen slapen buiten in Brussel","breadcrumb":{"@id":"https:\/\/www.bornin.brussels\/actualites\/zero-enfant-en-rue-deux-instances-defenseurs-de-lenfance-tirent-la-sonnette-dalarme\/#breadcrumb"},"inLanguage":"nl-NL","potentialAction":[{"@type":"ReadAction","target":["https:\/\/www.bornin.brussels\/actualites\/zero-enfant-en-rue-deux-instances-defenseurs-de-lenfance-tirent-la-sonnette-dalarme\/"]}]},{"@type":"ImageObject","inLanguage":"nl-NL","@id":"https:\/\/www.bornin.brussels\/actualites\/zero-enfant-en-rue-deux-instances-defenseurs-de-lenfance-tirent-la-sonnette-dalarme\/#primaryimage","url":"https:\/\/www.bornin.brussels\/wp-content\/uploads\/2026\/03\/feliphe-schiarolli-I59n_UyoCng-unsplash-scaled.jpg","contentUrl":"https:\/\/www.bornin.brussels\/wp-content\/uploads\/2026\/03\/feliphe-schiarolli-I59n_UyoCng-unsplash-scaled.jpg"},{"@type":"BreadcrumbList","@id":"https:\/\/www.bornin.brussels\/actualites\/zero-enfant-en-rue-deux-instances-defenseurs-de-lenfance-tirent-la-sonnette-dalarme\/#breadcrumb","itemListElement":[{"@type":"ListItem","position":1,"name":"Accueil","item":"https:\/\/www.bornin.brussels\/nl\/"},{"@type":"ListItem","position":2,"name":"\u201cGeen kinderen op straat\u201d, kinderrechtenactivisten luiden de alarmbel!"}]},{"@type":"WebSite","@id":"https:\/\/www.bornin.brussels\/#website","url":"https:\/\/www.bornin.brussels\/","name":"Born in Brussels","description":"Info en hulpbronnen rond de geboorte en de vroege kinderjaren","potentialAction":[{"@type":"SearchAction","target":{"@type":"EntryPoint","urlTemplate":"https:\/\/www.bornin.brussels\/?s={search_term_string}"},"query-input":{"@type":"PropertyValueSpecification","valueRequired":true,"valueName":"search_term_string"}}],"inLanguage":"nl-NL"},{"@type":"Person","@id":"https:\/\/www.bornin.brussels\/#\/schema\/person\/d5833906cc87dee26fe5d25765c4ce5e","name":"Samuel","image":{"@type":"ImageObject","inLanguage":"nl-NL","@id":"https:\/\/secure.gravatar.com\/avatar\/f1ecf593f678f15ed0060dd25ba5c6801c849753432e2f3b80921789c58f8874?s=96&d=mm&r=g","url":"https:\/\/secure.gravatar.com\/avatar\/f1ecf593f678f15ed0060dd25ba5c6801c849753432e2f3b80921789c58f8874?s=96&d=mm&r=g","contentUrl":"https:\/\/secure.gravatar.com\/avatar\/f1ecf593f678f15ed0060dd25ba5c6801c849753432e2f3b80921789c58f8874?s=96&d=mm&r=g","caption":"Samuel"},"url":"https:\/\/www.bornin.brussels\/nl\/author\/lgn-samuel\/"}]}},"views":15,"_links":{"self":[{"href":"https:\/\/www.bornin.brussels\/nl\/wp-json\/wp\/v2\/posts\/42689","targetHints":{"allow":["GET"]}}],"collection":[{"href":"https:\/\/www.bornin.brussels\/nl\/wp-json\/wp\/v2\/posts"}],"about":[{"href":"https:\/\/www.bornin.brussels\/nl\/wp-json\/wp\/v2\/types\/post"}],"author":[{"embeddable":true,"href":"https:\/\/www.bornin.brussels\/nl\/wp-json\/wp\/v2\/users\/12"}],"replies":[{"embeddable":true,"href":"https:\/\/www.bornin.brussels\/nl\/wp-json\/wp\/v2\/comments?post=42689"}],"version-history":[{"count":3,"href":"https:\/\/www.bornin.brussels\/nl\/wp-json\/wp\/v2\/posts\/42689\/revisions"}],"predecessor-version":[{"id":42694,"href":"https:\/\/www.bornin.brussels\/nl\/wp-json\/wp\/v2\/posts\/42689\/revisions\/42694"}],"wp:attachment":[{"href":"https:\/\/www.bornin.brussels\/nl\/wp-json\/wp\/v2\/media?parent=42689"}],"wp:term":[{"taxonomy":"category","embeddable":true,"href":"https:\/\/www.bornin.brussels\/nl\/wp-json\/wp\/v2\/categories?post=42689"},{"taxonomy":"post_tag","embeddable":true,"href":"https:\/\/www.bornin.brussels\/nl\/wp-json\/wp\/v2\/tags?post=42689"}],"curies":[{"name":"wp","href":"https:\/\/api.w.org\/{rel}","templated":true}]}}